{"id":6040,"date":"2023-09-06T15:57:24","date_gmt":"2023-09-06T15:57:24","guid":{"rendered":"https:\/\/crediq.com\/sv\/?p=6040"},"modified":"2023-09-06T16:02:25","modified_gmt":"2023-09-06T16:02:25","slug":"planificacion-financiera-para-la-compra-de-tu-segundo-vehiculo-como-comerciante-informal","status":"publish","type":"post","link":"https:\/\/crediq.com\/sv\/2023\/09\/06\/planificacion-financiera-para-la-compra-de-tu-segundo-vehiculo-como-comerciante-informal\/","title":{"rendered":"Planificaci\u00f3n financiera para la compra de tu segundo veh\u00edculo como comerciante informal"},"content":{"rendered":"\n<p>Si ya adquiriste el primer veh\u00edculo para tu negocio, sabes que es una decisi\u00f3n que debes tomar muy bien informado. El tener un auto propio es casi una necesidad para algunos profesionales, y a medida que el \u00e9xito se va cosechando, muchas veces es necesario hacer una segunda inversi\u00f3n y optar por otro veh\u00edculo.<\/p>\n<p>\u00a0<\/p>\n<p>Pero, \u00bfCu\u00e1l es la mejor manera de adquirir tu segundo auto? Eso depender\u00e1, en gran parte, de tu perfil como comprador, de la rentabilidad de tu negocio y tu capacidad de inversi\u00f3n.<\/p>\n<p>\u00a0<\/p>\n<p>Como primer consejo, debes tener muy bien establecida una planificaci\u00f3n financiera, esto te permitir\u00e1 tener un panorama sobre la inversi\u00f3n que puedas hacer, sin desbalancear tu negocio. No importa si a\u00fan eres un comerciante informal, de hecho, la planificaci\u00f3n te ayudar\u00e1 a tener objetivos reales, estableciendo metas claras a corto y mediano plazo.<\/p>\n<p>\u00a0<\/p>\n<p>Si adquiriste tu primer veh\u00edculo a trav\u00e9s de un financiamiento, aseg\u00farate de no descuidar el pago de las cuotas, as\u00ed como los gastos fijos que necesita tu negocio para evitar caer en endeudamientos y poder gozar de tus ganancias sin preocuparte. Esto, adem\u00e1s, mejorar\u00e1 tu r\u00e9cord crediticio y te abrir\u00e1 las puertas de m\u00e1s y mejores oportunidades de cr\u00e9ditos.<\/p>\n\t<div id=\"gap-1239750271\" class=\"gap-element clearfix\" style=\"display:block; height:auto;\">\n\t\t\n<style>\n#gap-1239750271 {\n  padding-top: 30px;\n}\n<\/style>\n\t<\/div>\n\t\n\n\t<div class=\"img has-hover x md-x lg-x y md-y lg-y\" id=\"image_1232342483\">\n\t\t\t\t\t\t\t\t<div class=\"img-inner dark\" >\n\t\t\t<img loading=\"lazy\" decoding=\"async\" width=\"1020\" height=\"574\" src=\"https:\/\/crediq.com\/sv\/wp-content\/uploads\/sites\/7\/2023\/09\/CRQ_DISENO-BLOG_AGOSTO_03.2-1024x576.png\" class=\"attachment-large size-large\" alt=\"\" srcset=\"https:\/\/crediq.com\/sv\/wp-content\/uploads\/sites\/7\/2023\/09\/CRQ_DISENO-BLOG_AGOSTO_03.2-1024x576.png 1024w, https:\/\/crediq.com\/sv\/wp-content\/uploads\/sites\/7\/2023\/09\/CRQ_DISENO-BLOG_AGOSTO_03.2-300x169.png 300w, https:\/\/crediq.com\/sv\/wp-content\/uploads\/sites\/7\/2023\/09\/CRQ_DISENO-BLOG_AGOSTO_03.2-768x432.png 768w, https:\/\/crediq.com\/sv\/wp-content\/uploads\/sites\/7\/2023\/09\/CRQ_DISENO-BLOG_AGOSTO_03.2-1536x864.png 1536w, https:\/\/crediq.com\/sv\/wp-content\/uploads\/sites\/7\/2023\/09\/CRQ_DISENO-BLOG_AGOSTO_03.2-600x338.png 600w, https:\/\/crediq.com\/sv\/wp-content\/uploads\/sites\/7\/2023\/09\/CRQ_DISENO-BLOG_AGOSTO_03.2.png 1920w\" sizes=\"auto, (max-width: 1020px) 100vw, 1020px\" \/>\t\t\t\t\t\t\n\t\t\t\t\t<\/div>\n\t\t\t\t\t\t\t\t\n<style>\n#image_1232342483 {\n  width: 100%;\n}\n<\/style>\n\t<\/div>\n\t\n\n\t<div id=\"gap-741955743\" class=\"gap-element clearfix\" style=\"display:block; height:auto;\">\n\t\t\n<style>\n#gap-741955743 {\n  padding-top: 30px;\n}\n<\/style>\n\t<\/div>\n\t\n\n<p>Es por ello, que debes conocer tu capacidad de pago, eval\u00faa tus finanzas y determina el monto que puedes invertir en ese momento para adquirir el segundo veh\u00edculo. Si es necesario, determina tus oportunidades de ahorro, recuerda que tomar una decisi\u00f3n a la ligera, puede ponerte en riesgo crediticio.<\/p>\n<p>\u00a0<\/p>\n<p>Junto con el pago de tu veh\u00edculo, eval\u00faa posibles costos adicionales que necesites, aunque, con un financiamiento puedes ahorrarte gastos extra en reparaciones y seguro. Adem\u00e1s, no olvides determinar la depreciaci\u00f3n de tus veh\u00edculos, esto se refiere a la p\u00e9rdida del valor del auto cuando comienzas a utilizarlo. Esto te ayudar\u00e1 a aprovechar mejor estas inversiones y justificar su retribuci\u00f3n.<\/p>\n<p>\u00a0<\/p>\n<p>En conclusi\u00f3n, si consideras esta segunda compra, determina si es momento de hacerla o necesitas determinar una meta de ahorro que te ayude a adquirirlo, investiga, compara y analiza tus opciones, pero sobre todo, ases\u00f3rate de empresas confiables, que te brinden toda la informaci\u00f3n y asistencia que necesites para conocer tu mejor opci\u00f3n, flexibilidad en tus planes de pago y otros detalles, es as\u00ed como puedes tomar una decisi\u00f3n inteligente sin afectar tus finanzas y crecer profesionalmente.<\/p>\n\n","protected":false},"excerpt":{"rendered":"<p>Si ya adquiriste el primer veh\u00edculo para tu negocio, sabes que es una decisi\u00f3n que debes tomar muy bien informado.<\/p>\n","protected":false},"author":14,"featured_media":6041,"comment_status":"open","ping_status":"open","sticky":false,"template":"","format":"standard","meta":{"_acf_changed":false,"om_disable_all_campaigns":false,"_monsterinsights_skip_tracking":false,"_monsterinsights_sitenote_active":false,"_monsterinsights_sitenote_note":"","_monsterinsights_sitenote_category":0,"_jetpack_memberships_contains_paid_content":false,"footnotes":""},"categories":[2],"tags":[],"class_list":["post-6040","post","type-post","status-publish","format-standard","has-post-thumbnail","hentry","category-articulos"],"acf":[],"yoast_head":"<!-- This site is optimized with the Yoast SEO plugin v26.7 - https:\/\/yoast.com\/wordpress\/plugins\/seo\/ -->\n<title>Planificaci\u00f3n financiera para la compra de tu segundo veh\u00edculo como comerciante informal - CrediQ SV<\/title>\n<meta name=\"robots\" content=\"index, follow, max-snippet:-1, max-image-preview:large, max-video-preview:-1\" \/>\n<link rel=\"canonical\" href=\"https:\/\/crediq.com\/sv\/2023\/09\/06\/planificacion-financiera-para-la-compra-de-tu-segundo-vehiculo-como-comerciante-informal\/\" \/>\n<meta property=\"og:locale\" content=\"es_ES\" \/>\n<meta property=\"og:type\" content=\"article\" \/>\n<meta property=\"og:title\" content=\"Planificaci\u00f3n financiera para la compra de tu segundo veh\u00edculo como comerciante informal - CrediQ SV\" \/>\n<meta property=\"og:description\" content=\"Si ya adquiriste el primer veh\u00edculo para tu negocio, sabes que es una decisi\u00f3n que debes tomar muy bien informado.\" \/>\n<meta property=\"og:url\" content=\"https:\/\/crediq.com\/sv\/2023\/09\/06\/planificacion-financiera-para-la-compra-de-tu-segundo-vehiculo-como-comerciante-informal\/\" \/>\n<meta property=\"og:site_name\" content=\"CrediQ SV\" \/>\n<meta property=\"article:publisher\" content=\"https:\/\/www.facebook.com\/CrediQSV\" \/>\n<meta property=\"article:published_time\" content=\"2023-09-06T15:57:24+00:00\" \/>\n<meta property=\"article:modified_time\" content=\"2023-09-06T16:02:25+00:00\" \/>\n<meta property=\"og:image\" content=\"https:\/\/crediq.com\/sv\/wp-content\/uploads\/sites\/7\/2023\/09\/CRQ_DISENO-BLOG_AGOSTO_03.1-1024x576.png\" \/>\n\t<meta property=\"og:image:width\" content=\"1024\" \/>\n\t<meta property=\"og:image:height\" content=\"576\" \/>\n\t<meta property=\"og:image:type\" content=\"image\/png\" \/>\n<meta name=\"author\" content=\"sv\" \/>\n<meta name=\"twitter:card\" content=\"summary_large_image\" \/>\n<meta name=\"twitter:label1\" content=\"Escrito por\" \/>\n\t<meta name=\"twitter:data1\" content=\"sv\" \/>\n<script type=\"application\/ld+json\" class=\"yoast-schema-graph\">{\"@context\":\"https:\/\/schema.org\",\"@graph\":[{\"@type\":\"Article\",\"@id\":\"https:\/\/crediq.com\/sv\/2023\/09\/06\/planificacion-financiera-para-la-compra-de-tu-segundo-vehiculo-como-comerciante-informal\/#article\",\"isPartOf\":{\"@id\":\"https:\/\/crediq.com\/sv\/2023\/09\/06\/planificacion-financiera-para-la-compra-de-tu-segundo-vehiculo-como-comerciante-informal\/\"},\"author\":{\"name\":\"sv\",\"@id\":\"https:\/\/crediq.com\/sv\/#\/schema\/person\/da82fc4f692eeb1c3f5fc8ecaae6b85a\"},\"headline\":\"Planificaci\u00f3n financiera para la compra de tu segundo veh\u00edculo como comerciante informal\",\"datePublished\":\"2023-09-06T15:57:24+00:00\",\"dateModified\":\"2023-09-06T16:02:25+00:00\",\"mainEntityOfPage\":{\"@id\":\"https:\/\/crediq.com\/sv\/2023\/09\/06\/planificacion-financiera-para-la-compra-de-tu-segundo-vehiculo-como-comerciante-informal\/\"},\"wordCount\":435,\"commentCount\":0,\"publisher\":{\"@id\":\"https:\/\/crediq.com\/sv\/#organization\"},\"image\":{\"@id\":\"https:\/\/crediq.com\/sv\/2023\/09\/06\/planificacion-financiera-para-la-compra-de-tu-segundo-vehiculo-como-comerciante-informal\/#primaryimage\"},\"thumbnailUrl\":\"https:\/\/crediq.com\/sv\/wp-content\/uploads\/sites\/7\/2023\/09\/CRQ_DISENO-BLOG_AGOSTO_03.1.png\",\"articleSection\":[\"Art\u00edculos\"],\"inLanguage\":\"es\",\"potentialAction\":[{\"@type\":\"CommentAction\",\"name\":\"Comment\",\"target\":[\"https:\/\/crediq.com\/sv\/2023\/09\/06\/planificacion-financiera-para-la-compra-de-tu-segundo-vehiculo-como-comerciante-informal\/#respond\"]}]},{\"@type\":\"WebPage\",\"@id\":\"https:\/\/crediq.com\/sv\/2023\/09\/06\/planificacion-financiera-para-la-compra-de-tu-segundo-vehiculo-como-comerciante-informal\/\",\"url\":\"https:\/\/crediq.com\/sv\/2023\/09\/06\/planificacion-financiera-para-la-compra-de-tu-segundo-vehiculo-como-comerciante-informal\/\",\"name\":\"Planificaci\u00f3n financiera para la compra de tu segundo veh\u00edculo como comerciante informal - CrediQ SV\",\"isPartOf\":{\"@id\":\"https:\/\/crediq.com\/sv\/#website\"},\"primaryImageOfPage\":{\"@id\":\"https:\/\/crediq.com\/sv\/2023\/09\/06\/planificacion-financiera-para-la-compra-de-tu-segundo-vehiculo-como-comerciante-informal\/#primaryimage\"},\"image\":{\"@id\":\"https:\/\/crediq.com\/sv\/2023\/09\/06\/planificacion-financiera-para-la-compra-de-tu-segundo-vehiculo-como-comerciante-informal\/#primaryimage\"},\"thumbnailUrl\":\"https:\/\/crediq.com\/sv\/wp-content\/uploads\/sites\/7\/2023\/09\/CRQ_DISENO-BLOG_AGOSTO_03.1.png\",\"datePublished\":\"2023-09-06T15:57:24+00:00\",\"dateModified\":\"2023-09-06T16:02:25+00:00\",\"breadcrumb\":{\"@id\":\"https:\/\/crediq.com\/sv\/2023\/09\/06\/planificacion-financiera-para-la-compra-de-tu-segundo-vehiculo-como-comerciante-informal\/#breadcrumb\"},\"inLanguage\":\"es\",\"potentialAction\":[{\"@type\":\"ReadAction\",\"target\":[\"https:\/\/crediq.com\/sv\/2023\/09\/06\/planificacion-financiera-para-la-compra-de-tu-segundo-vehiculo-como-comerciante-informal\/\"]}]},{\"@type\":\"ImageObject\",\"inLanguage\":\"es\",\"@id\":\"https:\/\/crediq.com\/sv\/2023\/09\/06\/planificacion-financiera-para-la-compra-de-tu-segundo-vehiculo-como-comerciante-informal\/#primaryimage\",\"url\":\"https:\/\/crediq.com\/sv\/wp-content\/uploads\/sites\/7\/2023\/09\/CRQ_DISENO-BLOG_AGOSTO_03.1.png\",\"contentUrl\":\"https:\/\/crediq.com\/sv\/wp-content\/uploads\/sites\/7\/2023\/09\/CRQ_DISENO-BLOG_AGOSTO_03.1.png\",\"width\":1920,\"height\":1080},{\"@type\":\"BreadcrumbList\",\"@id\":\"https:\/\/crediq.com\/sv\/2023\/09\/06\/planificacion-financiera-para-la-compra-de-tu-segundo-vehiculo-como-comerciante-informal\/#breadcrumb\",\"itemListElement\":[{\"@type\":\"ListItem\",\"position\":1,\"name\":\"Home\",\"item\":\"https:\/\/crediq.com\/sv\/\"},{\"@type\":\"ListItem\",\"position\":2,\"name\":\"Planificaci\u00f3n financiera para la compra de tu segundo veh\u00edculo como comerciante informal\"}]},{\"@type\":\"WebSite\",\"@id\":\"https:\/\/crediq.com\/sv\/#website\",\"url\":\"https:\/\/crediq.com\/sv\/\",\"name\":\"CrediQ SV\",\"description\":\"\",\"publisher\":{\"@id\":\"https:\/\/crediq.com\/sv\/#organization\"},\"potentialAction\":[{\"@type\":\"SearchAction\",\"target\":{\"@type\":\"EntryPoint\",\"urlTemplate\":\"https:\/\/crediq.com\/sv\/?s={search_term_string}\"},\"query-input\":{\"@type\":\"PropertyValueSpecification\",\"valueRequired\":true,\"valueName\":\"search_term_string\"}}],\"inLanguage\":\"es\"},{\"@type\":\"Organization\",\"@id\":\"https:\/\/crediq.com\/sv\/#organization\",\"name\":\"CrediQ El Salvador\",\"url\":\"https:\/\/crediq.com\/sv\/\",\"logo\":{\"@type\":\"ImageObject\",\"inLanguage\":\"es\",\"@id\":\"https:\/\/crediq.com\/sv\/#\/schema\/logo\/image\/\",\"url\":\"https:\/\/crediq.com\/sv\/wp-content\/uploads\/sites\/7\/2022\/07\/1111.png\",\"contentUrl\":\"https:\/\/crediq.com\/sv\/wp-content\/uploads\/sites\/7\/2022\/07\/1111.png\",\"width\":2376,\"height\":684,\"caption\":\"CrediQ El Salvador\"},\"image\":{\"@id\":\"https:\/\/crediq.com\/sv\/#\/schema\/logo\/image\/\"},\"sameAs\":[\"https:\/\/www.facebook.com\/CrediQSV\",\"https:\/\/www.instagram.com\/crediq_sv\/\"]},{\"@type\":\"Person\",\"@id\":\"https:\/\/crediq.com\/sv\/#\/schema\/person\/da82fc4f692eeb1c3f5fc8ecaae6b85a\",\"name\":\"sv\",\"image\":{\"@type\":\"ImageObject\",\"inLanguage\":\"es\",\"@id\":\"https:\/\/crediq.com\/sv\/#\/schema\/person\/image\/\",\"url\":\"https:\/\/secure.gravatar.com\/avatar\/a6affd9faaee8b9ee8149e795c499acb383d3cab294aaeb0abd2c303c845b5ba?s=96&d=mm&r=g\",\"contentUrl\":\"https:\/\/secure.gravatar.com\/avatar\/a6affd9faaee8b9ee8149e795c499acb383d3cab294aaeb0abd2c303c845b5ba?s=96&d=mm&r=g\",\"caption\":\"sv\"},\"url\":\"https:\/\/crediq.com\/sv\/author\/sv\/\"}]}<\/script>\n<!-- \/ Yoast SEO plugin. -->","yoast_head_json":{"title":"Planificaci\u00f3n financiera para la compra de tu segundo veh\u00edculo como comerciante informal - CrediQ SV","robots":{"index":"index","follow":"follow","max-snippet":"max-snippet:-1","max-image-preview":"max-image-preview:large","max-video-preview":"max-video-preview:-1"},"canonical":"https:\/\/crediq.com\/sv\/2023\/09\/06\/planificacion-financiera-para-la-compra-de-tu-segundo-vehiculo-como-comerciante-informal\/","og_locale":"es_ES","og_type":"article","og_title":"Planificaci\u00f3n financiera para la compra de tu segundo veh\u00edculo como comerciante informal - CrediQ SV","og_description":"Si ya adquiriste el primer veh\u00edculo para tu negocio, sabes que es una decisi\u00f3n que debes tomar muy bien informado.","og_url":"https:\/\/crediq.com\/sv\/2023\/09\/06\/planificacion-financiera-para-la-compra-de-tu-segundo-vehiculo-como-comerciante-informal\/","og_site_name":"CrediQ SV","article_publisher":"https:\/\/www.facebook.com\/CrediQSV","article_published_time":"2023-09-06T15:57:24+00:00","article_modified_time":"2023-09-06T16:02:25+00:00","og_image":[{"width":1024,"height":576,"url":"https:\/\/crediq.com\/sv\/wp-content\/uploads\/sites\/7\/2023\/09\/CRQ_DISENO-BLOG_AGOSTO_03.1-1024x576.png","type":"image\/png"}],"author":"sv","twitter_card":"summary_large_image","twitter_misc":{"Escrito por":"sv"},"schema":{"@context":"https:\/\/schema.org","@graph":[{"@type":"Article","@id":"https:\/\/crediq.com\/sv\/2023\/09\/06\/planificacion-financiera-para-la-compra-de-tu-segundo-vehiculo-como-comerciante-informal\/#article","isPartOf":{"@id":"https:\/\/crediq.com\/sv\/2023\/09\/06\/planificacion-financiera-para-la-compra-de-tu-segundo-vehiculo-como-comerciante-informal\/"},"author":{"name":"sv","@id":"https:\/\/crediq.com\/sv\/#\/schema\/person\/da82fc4f692eeb1c3f5fc8ecaae6b85a"},"headline":"Planificaci\u00f3n financiera para la compra de tu segundo veh\u00edculo como comerciante informal","datePublished":"2023-09-06T15:57:24+00:00","dateModified":"2023-09-06T16:02:25+00:00","mainEntityOfPage":{"@id":"https:\/\/crediq.com\/sv\/2023\/09\/06\/planificacion-financiera-para-la-compra-de-tu-segundo-vehiculo-como-comerciante-informal\/"},"wordCount":435,"commentCount":0,"publisher":{"@id":"https:\/\/crediq.com\/sv\/#organization"},"image":{"@id":"https:\/\/crediq.com\/sv\/2023\/09\/06\/planificacion-financiera-para-la-compra-de-tu-segundo-vehiculo-como-comerciante-informal\/#primaryimage"},"thumbnailUrl":"https:\/\/crediq.com\/sv\/wp-content\/uploads\/sites\/7\/2023\/09\/CRQ_DISENO-BLOG_AGOSTO_03.1.png","articleSection":["Art\u00edculos"],"inLanguage":"es","potentialAction":[{"@type":"CommentAction","name":"Comment","target":["https:\/\/crediq.com\/sv\/2023\/09\/06\/planificacion-financiera-para-la-compra-de-tu-segundo-vehiculo-como-comerciante-informal\/#respond"]}]},{"@type":"WebPage","@id":"https:\/\/crediq.com\/sv\/2023\/09\/06\/planificacion-financiera-para-la-compra-de-tu-segundo-vehiculo-como-comerciante-informal\/","url":"https:\/\/crediq.com\/sv\/2023\/09\/06\/planificacion-financiera-para-la-compra-de-tu-segundo-vehiculo-como-comerciante-informal\/","name":"Planificaci\u00f3n financiera para la compra de tu segundo veh\u00edculo como comerciante informal - CrediQ SV","isPartOf":{"@id":"https:\/\/crediq.com\/sv\/#website"},"primaryImageOfPage":{"@id":"https:\/\/crediq.com\/sv\/2023\/09\/06\/planificacion-financiera-para-la-compra-de-tu-segundo-vehiculo-como-comerciante-informal\/#primaryimage"},"image":{"@id":"https:\/\/crediq.com\/sv\/2023\/09\/06\/planificacion-financiera-para-la-compra-de-tu-segundo-vehiculo-como-comerciante-informal\/#primaryimage"},"thumbnailUrl":"https:\/\/crediq.com\/sv\/wp-content\/uploads\/sites\/7\/2023\/09\/CRQ_DISENO-BLOG_AGOSTO_03.1.png","datePublished":"2023-09-06T15:57:24+00:00","dateModified":"2023-09-06T16:02:25+00:00","breadcrumb":{"@id":"https:\/\/crediq.com\/sv\/2023\/09\/06\/planificacion-financiera-para-la-compra-de-tu-segundo-vehiculo-como-comerciante-informal\/#breadcrumb"},"inLanguage":"es","potentialAction":[{"@type":"ReadAction","target":["https:\/\/crediq.com\/sv\/2023\/09\/06\/planificacion-financiera-para-la-compra-de-tu-segundo-vehiculo-como-comerciante-informal\/"]}]},{"@type":"ImageObject","inLanguage":"es","@id":"https:\/\/crediq.com\/sv\/2023\/09\/06\/planificacion-financiera-para-la-compra-de-tu-segundo-vehiculo-como-comerciante-informal\/#primaryimage","url":"https:\/\/crediq.com\/sv\/wp-content\/uploads\/sites\/7\/2023\/09\/CRQ_DISENO-BLOG_AGOSTO_03.1.png","contentUrl":"https:\/\/crediq.com\/sv\/wp-content\/uploads\/sites\/7\/2023\/09\/CRQ_DISENO-BLOG_AGOSTO_03.1.png","width":1920,"height":1080},{"@type":"BreadcrumbList","@id":"https:\/\/crediq.com\/sv\/2023\/09\/06\/planificacion-financiera-para-la-compra-de-tu-segundo-vehiculo-como-comerciante-informal\/#breadcrumb","itemListElement":[{"@type":"ListItem","position":1,"name":"Home","item":"https:\/\/crediq.com\/sv\/"},{"@type":"ListItem","position":2,"name":"Planificaci\u00f3n financiera para la compra de tu segundo veh\u00edculo como comerciante informal"}]},{"@type":"WebSite","@id":"https:\/\/crediq.com\/sv\/#website","url":"https:\/\/crediq.com\/sv\/","name":"CrediQ SV","description":"","publisher":{"@id":"https:\/\/crediq.com\/sv\/#organization"},"potentialAction":[{"@type":"SearchAction","target":{"@type":"EntryPoint","urlTemplate":"https:\/\/crediq.com\/sv\/?s={search_term_string}"},"query-input":{"@type":"PropertyValueSpecification","valueRequired":true,"valueName":"search_term_string"}}],"inLanguage":"es"},{"@type":"Organization","@id":"https:\/\/crediq.com\/sv\/#organization","name":"CrediQ El Salvador","url":"https:\/\/crediq.com\/sv\/","logo":{"@type":"ImageObject","inLanguage":"es","@id":"https:\/\/crediq.com\/sv\/#\/schema\/logo\/image\/","url":"https:\/\/crediq.com\/sv\/wp-content\/uploads\/sites\/7\/2022\/07\/1111.png","contentUrl":"https:\/\/crediq.com\/sv\/wp-content\/uploads\/sites\/7\/2022\/07\/1111.png","width":2376,"height":684,"caption":"CrediQ El Salvador"},"image":{"@id":"https:\/\/crediq.com\/sv\/#\/schema\/logo\/image\/"},"sameAs":["https:\/\/www.facebook.com\/CrediQSV","https:\/\/www.instagram.com\/crediq_sv\/"]},{"@type":"Person","@id":"https:\/\/crediq.com\/sv\/#\/schema\/person\/da82fc4f692eeb1c3f5fc8ecaae6b85a","name":"sv","image":{"@type":"ImageObject","inLanguage":"es","@id":"https:\/\/crediq.com\/sv\/#\/schema\/person\/image\/","url":"https:\/\/secure.gravatar.com\/avatar\/a6affd9faaee8b9ee8149e795c499acb383d3cab294aaeb0abd2c303c845b5ba?s=96&d=mm&r=g","contentUrl":"https:\/\/secure.gravatar.com\/avatar\/a6affd9faaee8b9ee8149e795c499acb383d3cab294aaeb0abd2c303c845b5ba?s=96&d=mm&r=g","caption":"sv"},"url":"https:\/\/crediq.com\/sv\/author\/sv\/"}]}},"jetpack_featured_media_url":"https:\/\/crediq.com\/sv\/wp-content\/uploads\/sites\/7\/2023\/09\/CRQ_DISENO-BLOG_AGOSTO_03.1.png","jetpack_sharing_enabled":true,"post_mailing_queue_ids":[],"_links":{"self":[{"href":"https:\/\/crediq.com\/sv\/wp-json\/wp\/v2\/posts\/6040","targetHints":{"allow":["GET"]}}],"collection":[{"href":"https:\/\/crediq.com\/sv\/wp-json\/wp\/v2\/posts"}],"about":[{"href":"https:\/\/crediq.com\/sv\/wp-json\/wp\/v2\/types\/post"}],"author":[{"embeddable":true,"href":"https:\/\/crediq.com\/sv\/wp-json\/wp\/v2\/users\/14"}],"replies":[{"embeddable":true,"href":"https:\/\/crediq.com\/sv\/wp-json\/wp\/v2\/comments?post=6040"}],"version-history":[{"count":2,"href":"https:\/\/crediq.com\/sv\/wp-json\/wp\/v2\/posts\/6040\/revisions"}],"predecessor-version":[{"id":6044,"href":"https:\/\/crediq.com\/sv\/wp-json\/wp\/v2\/posts\/6040\/revisions\/6044"}],"wp:featuredmedia":[{"embeddable":true,"href":"https:\/\/crediq.com\/sv\/wp-json\/wp\/v2\/media\/6041"}],"wp:attachment":[{"href":"https:\/\/crediq.com\/sv\/wp-json\/wp\/v2\/media?parent=6040"}],"wp:term":[{"taxonomy":"category","embeddable":true,"href":"https:\/\/crediq.com\/sv\/wp-json\/wp\/v2\/categories?post=6040"},{"taxonomy":"post_tag","embeddable":true,"href":"https:\/\/crediq.com\/sv\/wp-json\/wp\/v2\/tags?post=6040"}],"curies":[{"name":"wp","href":"https:\/\/api.w.org\/{rel}","templated":true}]}}